{"id":5768,"date":"2020-10-07T09:45:32","date_gmt":"2020-10-07T09:45:32","guid":{"rendered":"https:\/\/mbademo.artover.fr\/?p=5768"},"modified":"2021-03-15T07:17:01","modified_gmt":"2021-03-15T07:17:01","slug":"daniel-essoo-il-ny-a-pas-eu-dhecatombe-le-1er-octobre","status":"publish","type":"post","link":"https:\/\/mba.mu\/fr\/daniel-essoo-il-ny-a-pas-eu-dhecatombe-le-1er-octobre\/","title":{"rendered":"Daniel Essoo \u00abIl n\u2019y a pas eu d\u2019h\u00e9catombe le 1er octobre\u00bb"},"content":{"rendered":"\t\t<div data-elementor-type=\"wp-post\" data-elementor-id=\"5768\" class=\"elementor elementor-5768\" data-elementor-post-type=\"post\">\n\t\t\t\t        <section class=\"elementor-section elementor-top-section elementor-element elementor-element-18513544 elementor-section-boxed elementor-section-height-default elementor-section-height-default ct-header-fixed-none ct-row-max-none\" data-id=\"18513544\" data-element_type=\"section\" data-e-type=\"section\">\n            \n                        <div class=\"elementor-container elementor-column-gap-default \">\n                    <div class=\"elementor-column elementor-col-100 elementor-top-column elementor-element elementor-element-62599a35\" data-id=\"62599a35\" data-element_type=\"column\" data-e-type=\"column\">\n        <div class=\"elementor-widget-wrap elementor-element-populated\">\n                    \n        \t\t<div class=\"elementor-element elementor-element-f62e925 elementor-widget elementor-widget-image\" data-id=\"f62e925\" data-element_type=\"widget\" data-e-type=\"widget\" data-widget_type=\"image.default\">\n\t\t\t\t<div class=\"elementor-widget-container\">\n\t\t\t\t\t\t\t\t\t\t\t\t\t\t\t<img fetchpriority=\"high\" decoding=\"async\" width=\"940\" height=\"504\" src=\"https:\/\/mba.mu\/wp-content\/uploads\/2020\/10\/businessmagazine.jpg\" class=\"attachment-full size-full wp-image-5842\" alt=\"business magazine\" srcset=\"https:\/\/mba.mu\/wp-content\/uploads\/2020\/10\/businessmagazine.jpg 940w, https:\/\/mba.mu\/wp-content\/uploads\/2020\/10\/businessmagazine-300x161.jpg 300w, https:\/\/mba.mu\/wp-content\/uploads\/2020\/10\/businessmagazine-768x412.jpg 768w\" sizes=\"(max-width: 940px) 100vw, 940px\" \/>\t\t\t\t\t\t\t\t\t\t\t\t\t\t\t<\/div>\n\t\t\t\t<\/div>\n\t\t\t\t<div class=\"elementor-element elementor-element-1577091a elementor-widget elementor-widget-text-editor\" data-id=\"1577091a\" data-element_type=\"widget\" data-e-type=\"widget\" data-widget_type=\"text-editor.default\">\n\t\t\t\t<div class=\"elementor-widget-container\">\n\t\t\t\t\t\t\t\t\t<h5>Quel est le sentiment dans le secteur bancaire ?<\/h5><p>Les banquiers sont fatigu\u00e9s ; ils travaillent particuli\u00e8rement dur en ce moment ! Le sentiment est caract\u00e9ris\u00e9 par l\u2019incertitude et le manque de visibilit\u00e9. L\u2019incertitude est sur tous les plans ; que ce soit en termes de la pand\u00e9mie elle-m\u00eame ; car nous ne savons pas ce qui va se passer, et par ses cons\u00e9quences \u00e9conomiques. Il y a beaucoup de facteurs \u00e0 prendre en consid\u00e9ration : comment les soci\u00e9t\u00e9s vont se porter quand les mesures de soutien arriveront \u00e0 une fin ? Comment les march\u00e9s traditionnels de l\u2019\u00e9conomie locale vont-ils r\u00e9agir ? Quels seront les effets conjugu\u00e9s de la liste noire, des changements en Inde et de la conjoncture internationale incertaine ? Nous ne savons pas ce que nos clients vont faire. Face \u00e0 ces incertitudes, je ne sais pas si quelqu\u2019un a des r\u00e9ponses aujourd\u2019hui. Ce que nous devons forc\u00e9ment faire, c\u2019est de continuer \u00e0 travailler tr\u00e8s dur et d\u2019\u00eatre \u00e0 l\u2019\u00e9coute des clients.<\/p>\t\t\t\t\t\t\t\t<\/div>\n\t\t\t\t<\/div>\n\t\t\t\t<div class=\"elementor-element elementor-element-b0545e3 elementor-widget elementor-widget-ct_download\" data-id=\"b0545e3\" data-element_type=\"widget\" data-e-type=\"widget\" data-widget_type=\"ct_download.default\">\n\t\t\t\t<div class=\"elementor-widget-container\">\n\t\t\t\t\t    <div class=\"ct-download\">\r\n                    <div class=\"item--download\">\r\n                <a href=\"https:\/\/www.business-magazine.mu\/en-couverture\/daniel-essoo-il-ny-a-pas-eu-dhecatombe-le-1er-octobre\/\" target=\"_blank\" rel=\"nofollow\">\r\n            \t<i aria-hidden=\"true\" class=\"fas fa-arrow-circle-right\"><\/i>                                <span>Read more on Business Magazine<\/span>\r\n            \t<\/a>\r\n           <\/div>\r\n            <\/div>\r\n\t\t\t\t<\/div>\n\t\t\t\t<\/div>\n\t\t            <\/div>\n        <\/div>\n                    <\/div>\n        <\/section>\n        \t\t<\/div>\n\t\t","protected":false},"excerpt":{"rendered":"<p>Les banquiers sont fatigu\u00e9s ; ils travaillent particuli\u00e8rement dur en ce moment ! Le sentiment est caract\u00e9ris\u00e9 par l\u2019incertitude et le manque de visibilit\u00e9. L\u2019incertitude est sur tous les plans ; que ce soit en termes de la pand\u00e9mie elle-m\u00eame ; car nous ne savons pas ce qui va se passer, et par ses cons\u00e9quences \u00e9conomiques.<\/p>\n","protected":false},"author":1,"featured_media":5842,"comment_status":"closed","ping_status":"closed","sticky":false,"template":"","format":"standard","meta":{"_acf_changed":false,"footnotes":""},"categories":[2],"tags":[68,69],"class_list":["post-5768","post","type-post","status-publish","format-standard","has-post-thumbnail","hentry","category-media-articles","tag-business-magazine","tag-mauritius-economy"],"acf":[],"yoast_head":"<!-- This site is optimized with the Yoast SEO plugin v27.4 - https:\/\/yoast.com\/product\/yoast-seo-wordpress\/ -->\n<title>Daniel Essoo \u00abIl n\u2019y a pas eu d\u2019h\u00e9catombe le 1er octobre\u00bb - Mauritius Bankers Association (MBA)<\/title>\n<meta name=\"robots\" content=\"index, follow, max-snippet:-1, max-image-preview:large, max-video-preview:-1\" \/>\n<link rel=\"canonical\" href=\"https:\/\/mba.mu\/daniel-essoo-il-ny-a-pas-eu-dhecatombe-le-1er-octobre\/\" \/>\n<meta property=\"og:locale\" content=\"fr_FR\" \/>\n<meta property=\"og:type\" content=\"article\" \/>\n<meta property=\"og:title\" content=\"Daniel Essoo \u00abIl n\u2019y a pas eu d\u2019h\u00e9catombe le 1er octobre\u00bb - Mauritius Bankers Association (MBA)\" \/>\n<meta property=\"og:description\" content=\"Les banquiers sont fatigu\u00e9s ; ils travaillent particuli\u00e8rement dur en ce moment ! Le sentiment est caract\u00e9ris\u00e9 par l\u2019incertitude et le manque de visibilit\u00e9. L\u2019incertitude est sur tous les plans ; que ce soit en termes de la pand\u00e9mie elle-m\u00eame ; car nous ne savons pas ce qui va se passer, et par ses cons\u00e9quences \u00e9conomiques.\" \/>\n<meta property=\"og:url\" content=\"https:\/\/mba.mu\/daniel-essoo-il-ny-a-pas-eu-dhecatombe-le-1er-octobre\/\" \/>\n<meta property=\"og:site_name\" content=\"Mauritius Bankers Association (MBA)\" \/>\n<meta property=\"article:published_time\" content=\"2020-10-07T09:45:32+00:00\" \/>\n<meta property=\"article:modified_time\" content=\"2021-03-15T07:17:01+00:00\" \/>\n<meta property=\"og:image\" content=\"https:\/\/mba.mu\/wp-content\/uploads\/2020\/10\/businessmagazine.jpg\" \/>\n\t<meta property=\"og:image:width\" content=\"940\" \/>\n\t<meta property=\"og:image:height\" content=\"504\" \/>\n\t<meta property=\"og:image:type\" content=\"image\/jpeg\" \/>\n<meta name=\"author\" content=\"admin\" \/>\n<meta name=\"twitter:card\" content=\"summary_large_image\" \/>\n<meta name=\"twitter:label1\" content=\"\u00c9crit par\" \/>\n\t<meta name=\"twitter:data1\" content=\"admin\" \/>\n\t<meta name=\"twitter:label2\" content=\"Dur\u00e9e de lecture estim\u00e9e\" \/>\n\t<meta name=\"twitter:data2\" content=\"1 minute\" \/>\n<script type=\"application\/ld+json\" class=\"yoast-schema-graph\">{\"@context\":\"https:\\\/\\\/schema.org\",\"@graph\":[{\"@type\":\"Article\",\"@id\":\"https:\\\/\\\/mba.mu\\\/daniel-essoo-il-ny-a-pas-eu-dhecatombe-le-1er-octobre\\\/#article\",\"isPartOf\":{\"@id\":\"https:\\\/\\\/mba.mu\\\/daniel-essoo-il-ny-a-pas-eu-dhecatombe-le-1er-octobre\\\/\"},\"author\":{\"name\":\"admin\",\"@id\":\"https:\\\/\\\/mba.mu\\\/#\\\/schema\\\/person\\\/93f22aaa0f62f7b796ee68a14f68d72b\"},\"headline\":\"Daniel Essoo \u00abIl n\u2019y a pas eu d\u2019h\u00e9catombe le 1er octobre\u00bb\",\"datePublished\":\"2020-10-07T09:45:32+00:00\",\"dateModified\":\"2021-03-15T07:17:01+00:00\",\"mainEntityOfPage\":{\"@id\":\"https:\\\/\\\/mba.mu\\\/daniel-essoo-il-ny-a-pas-eu-dhecatombe-le-1er-octobre\\\/\"},\"wordCount\":193,\"image\":{\"@id\":\"https:\\\/\\\/mba.mu\\\/daniel-essoo-il-ny-a-pas-eu-dhecatombe-le-1er-octobre\\\/#primaryimage\"},\"thumbnailUrl\":\"https:\\\/\\\/mba.mu\\\/wp-content\\\/uploads\\\/2020\\\/10\\\/businessmagazine.jpg\",\"keywords\":[\"Business Magazine\",\"Mauritius Economy\"],\"articleSection\":[\"Media Articles\"],\"inLanguage\":\"fr-FR\"},{\"@type\":\"WebPage\",\"@id\":\"https:\\\/\\\/mba.mu\\\/daniel-essoo-il-ny-a-pas-eu-dhecatombe-le-1er-octobre\\\/\",\"url\":\"https:\\\/\\\/mba.mu\\\/daniel-essoo-il-ny-a-pas-eu-dhecatombe-le-1er-octobre\\\/\",\"name\":\"Daniel Essoo \u00abIl n\u2019y a pas eu d\u2019h\u00e9catombe le 1er octobre\u00bb - Mauritius Bankers Association (MBA)\",\"isPartOf\":{\"@id\":\"https:\\\/\\\/mba.mu\\\/#website\"},\"primaryImageOfPage\":{\"@id\":\"https:\\\/\\\/mba.mu\\\/daniel-essoo-il-ny-a-pas-eu-dhecatombe-le-1er-octobre\\\/#primaryimage\"},\"image\":{\"@id\":\"https:\\\/\\\/mba.mu\\\/daniel-essoo-il-ny-a-pas-eu-dhecatombe-le-1er-octobre\\\/#primaryimage\"},\"thumbnailUrl\":\"https:\\\/\\\/mba.mu\\\/wp-content\\\/uploads\\\/2020\\\/10\\\/businessmagazine.jpg\",\"datePublished\":\"2020-10-07T09:45:32+00:00\",\"dateModified\":\"2021-03-15T07:17:01+00:00\",\"author\":{\"@id\":\"https:\\\/\\\/mba.mu\\\/#\\\/schema\\\/person\\\/93f22aaa0f62f7b796ee68a14f68d72b\"},\"breadcrumb\":{\"@id\":\"https:\\\/\\\/mba.mu\\\/daniel-essoo-il-ny-a-pas-eu-dhecatombe-le-1er-octobre\\\/#breadcrumb\"},\"inLanguage\":\"fr-FR\",\"potentialAction\":[{\"@type\":\"ReadAction\",\"target\":[\"https:\\\/\\\/mba.mu\\\/daniel-essoo-il-ny-a-pas-eu-dhecatombe-le-1er-octobre\\\/\"]}]},{\"@type\":\"ImageObject\",\"inLanguage\":\"fr-FR\",\"@id\":\"https:\\\/\\\/mba.mu\\\/daniel-essoo-il-ny-a-pas-eu-dhecatombe-le-1er-octobre\\\/#primaryimage\",\"url\":\"https:\\\/\\\/mba.mu\\\/wp-content\\\/uploads\\\/2020\\\/10\\\/businessmagazine.jpg\",\"contentUrl\":\"https:\\\/\\\/mba.mu\\\/wp-content\\\/uploads\\\/2020\\\/10\\\/businessmagazine.jpg\",\"width\":940,\"height\":504,\"caption\":\"business magazine\"},{\"@type\":\"BreadcrumbList\",\"@id\":\"https:\\\/\\\/mba.mu\\\/daniel-essoo-il-ny-a-pas-eu-dhecatombe-le-1er-octobre\\\/#breadcrumb\",\"itemListElement\":[{\"@type\":\"ListItem\",\"position\":1,\"name\":\"Home\",\"item\":\"https:\\\/\\\/mba.mu\\\/fr\\\/\"},{\"@type\":\"ListItem\",\"position\":2,\"name\":\"Daniel Essoo \u00abIl n\u2019y a pas eu d\u2019h\u00e9catombe le 1er octobre\u00bb\"}]},{\"@type\":\"WebSite\",\"@id\":\"https:\\\/\\\/mba.mu\\\/#website\",\"url\":\"https:\\\/\\\/mba.mu\\\/\",\"name\":\"Mauritius Bankers Association (MBA)\",\"description\":\"\",\"potentialAction\":[{\"@type\":\"SearchAction\",\"target\":{\"@type\":\"EntryPoint\",\"urlTemplate\":\"https:\\\/\\\/mba.mu\\\/?s={search_term_string}\"},\"query-input\":{\"@type\":\"PropertyValueSpecification\",\"valueRequired\":true,\"valueName\":\"search_term_string\"}}],\"inLanguage\":\"fr-FR\"},{\"@type\":\"Person\",\"@id\":\"https:\\\/\\\/mba.mu\\\/#\\\/schema\\\/person\\\/93f22aaa0f62f7b796ee68a14f68d72b\",\"name\":\"admin\",\"image\":{\"@type\":\"ImageObject\",\"inLanguage\":\"fr-FR\",\"@id\":\"https:\\\/\\\/secure.gravatar.com\\\/avatar\\\/6c408b6dd4834f7a3e388312881bfc08c0214abb5c7e71af3e36a84e2179ffce?s=96&d=mm&r=g\",\"url\":\"https:\\\/\\\/secure.gravatar.com\\\/avatar\\\/6c408b6dd4834f7a3e388312881bfc08c0214abb5c7e71af3e36a84e2179ffce?s=96&d=mm&r=g\",\"contentUrl\":\"https:\\\/\\\/secure.gravatar.com\\\/avatar\\\/6c408b6dd4834f7a3e388312881bfc08c0214abb5c7e71af3e36a84e2179ffce?s=96&d=mm&r=g\",\"caption\":\"admin\"},\"sameAs\":[\"https:\\\/\\\/mba.mu\"],\"url\":\"https:\\\/\\\/mba.mu\\\/fr\\\/author\\\/info_749s4hrd\\\/\"}]}<\/script>\n<!-- \/ Yoast SEO plugin. -->","yoast_head_json":{"title":"Daniel Essoo \u00abIl n\u2019y a pas eu d\u2019h\u00e9catombe le 1er octobre\u00bb - Mauritius Bankers Association (MBA)","robots":{"index":"index","follow":"follow","max-snippet":"max-snippet:-1","max-image-preview":"max-image-preview:large","max-video-preview":"max-video-preview:-1"},"canonical":"https:\/\/mba.mu\/daniel-essoo-il-ny-a-pas-eu-dhecatombe-le-1er-octobre\/","og_locale":"fr_FR","og_type":"article","og_title":"Daniel Essoo \u00abIl n\u2019y a pas eu d\u2019h\u00e9catombe le 1er octobre\u00bb - Mauritius Bankers Association (MBA)","og_description":"Les banquiers sont fatigu\u00e9s ; ils travaillent particuli\u00e8rement dur en ce moment ! Le sentiment est caract\u00e9ris\u00e9 par l\u2019incertitude et le manque de visibilit\u00e9. L\u2019incertitude est sur tous les plans ; que ce soit en termes de la pand\u00e9mie elle-m\u00eame ; car nous ne savons pas ce qui va se passer, et par ses cons\u00e9quences \u00e9conomiques.","og_url":"https:\/\/mba.mu\/daniel-essoo-il-ny-a-pas-eu-dhecatombe-le-1er-octobre\/","og_site_name":"Mauritius Bankers Association (MBA)","article_published_time":"2020-10-07T09:45:32+00:00","article_modified_time":"2021-03-15T07:17:01+00:00","og_image":[{"width":940,"height":504,"url":"https:\/\/mba.mu\/wp-content\/uploads\/2020\/10\/businessmagazine.jpg","type":"image\/jpeg"}],"author":"admin","twitter_card":"summary_large_image","twitter_misc":{"\u00c9crit par":"admin","Dur\u00e9e de lecture estim\u00e9e":"1 minute"},"schema":{"@context":"https:\/\/schema.org","@graph":[{"@type":"Article","@id":"https:\/\/mba.mu\/daniel-essoo-il-ny-a-pas-eu-dhecatombe-le-1er-octobre\/#article","isPartOf":{"@id":"https:\/\/mba.mu\/daniel-essoo-il-ny-a-pas-eu-dhecatombe-le-1er-octobre\/"},"author":{"name":"admin","@id":"https:\/\/mba.mu\/#\/schema\/person\/93f22aaa0f62f7b796ee68a14f68d72b"},"headline":"Daniel Essoo \u00abIl n\u2019y a pas eu d\u2019h\u00e9catombe le 1er octobre\u00bb","datePublished":"2020-10-07T09:45:32+00:00","dateModified":"2021-03-15T07:17:01+00:00","mainEntityOfPage":{"@id":"https:\/\/mba.mu\/daniel-essoo-il-ny-a-pas-eu-dhecatombe-le-1er-octobre\/"},"wordCount":193,"image":{"@id":"https:\/\/mba.mu\/daniel-essoo-il-ny-a-pas-eu-dhecatombe-le-1er-octobre\/#primaryimage"},"thumbnailUrl":"https:\/\/mba.mu\/wp-content\/uploads\/2020\/10\/businessmagazine.jpg","keywords":["Business Magazine","Mauritius Economy"],"articleSection":["Media Articles"],"inLanguage":"fr-FR"},{"@type":"WebPage","@id":"https:\/\/mba.mu\/daniel-essoo-il-ny-a-pas-eu-dhecatombe-le-1er-octobre\/","url":"https:\/\/mba.mu\/daniel-essoo-il-ny-a-pas-eu-dhecatombe-le-1er-octobre\/","name":"Daniel Essoo \u00abIl n\u2019y a pas eu d\u2019h\u00e9catombe le 1er octobre\u00bb - Mauritius Bankers Association (MBA)","isPartOf":{"@id":"https:\/\/mba.mu\/#website"},"primaryImageOfPage":{"@id":"https:\/\/mba.mu\/daniel-essoo-il-ny-a-pas-eu-dhecatombe-le-1er-octobre\/#primaryimage"},"image":{"@id":"https:\/\/mba.mu\/daniel-essoo-il-ny-a-pas-eu-dhecatombe-le-1er-octobre\/#primaryimage"},"thumbnailUrl":"https:\/\/mba.mu\/wp-content\/uploads\/2020\/10\/businessmagazine.jpg","datePublished":"2020-10-07T09:45:32+00:00","dateModified":"2021-03-15T07:17:01+00:00","author":{"@id":"https:\/\/mba.mu\/#\/schema\/person\/93f22aaa0f62f7b796ee68a14f68d72b"},"breadcrumb":{"@id":"https:\/\/mba.mu\/daniel-essoo-il-ny-a-pas-eu-dhecatombe-le-1er-octobre\/#breadcrumb"},"inLanguage":"fr-FR","potentialAction":[{"@type":"ReadAction","target":["https:\/\/mba.mu\/daniel-essoo-il-ny-a-pas-eu-dhecatombe-le-1er-octobre\/"]}]},{"@type":"ImageObject","inLanguage":"fr-FR","@id":"https:\/\/mba.mu\/daniel-essoo-il-ny-a-pas-eu-dhecatombe-le-1er-octobre\/#primaryimage","url":"https:\/\/mba.mu\/wp-content\/uploads\/2020\/10\/businessmagazine.jpg","contentUrl":"https:\/\/mba.mu\/wp-content\/uploads\/2020\/10\/businessmagazine.jpg","width":940,"height":504,"caption":"business magazine"},{"@type":"BreadcrumbList","@id":"https:\/\/mba.mu\/daniel-essoo-il-ny-a-pas-eu-dhecatombe-le-1er-octobre\/#breadcrumb","itemListElement":[{"@type":"ListItem","position":1,"name":"Home","item":"https:\/\/mba.mu\/fr\/"},{"@type":"ListItem","position":2,"name":"Daniel Essoo \u00abIl n\u2019y a pas eu d\u2019h\u00e9catombe le 1er octobre\u00bb"}]},{"@type":"WebSite","@id":"https:\/\/mba.mu\/#website","url":"https:\/\/mba.mu\/","name":"Mauritius Bankers Association (MBA)","description":"","potentialAction":[{"@type":"SearchAction","target":{"@type":"EntryPoint","urlTemplate":"https:\/\/mba.mu\/?s={search_term_string}"},"query-input":{"@type":"PropertyValueSpecification","valueRequired":true,"valueName":"search_term_string"}}],"inLanguage":"fr-FR"},{"@type":"Person","@id":"https:\/\/mba.mu\/#\/schema\/person\/93f22aaa0f62f7b796ee68a14f68d72b","name":"admin","image":{"@type":"ImageObject","inLanguage":"fr-FR","@id":"https:\/\/secure.gravatar.com\/avatar\/6c408b6dd4834f7a3e388312881bfc08c0214abb5c7e71af3e36a84e2179ffce?s=96&d=mm&r=g","url":"https:\/\/secure.gravatar.com\/avatar\/6c408b6dd4834f7a3e388312881bfc08c0214abb5c7e71af3e36a84e2179ffce?s=96&d=mm&r=g","contentUrl":"https:\/\/secure.gravatar.com\/avatar\/6c408b6dd4834f7a3e388312881bfc08c0214abb5c7e71af3e36a84e2179ffce?s=96&d=mm&r=g","caption":"admin"},"sameAs":["https:\/\/mba.mu"],"url":"https:\/\/mba.mu\/fr\/author\/info_749s4hrd\/"}]}},"_links":{"self":[{"href":"https:\/\/mba.mu\/fr\/wp-json\/wp\/v2\/posts\/5768","targetHints":{"allow":["GET"]}}],"collection":[{"href":"https:\/\/mba.mu\/fr\/wp-json\/wp\/v2\/posts"}],"about":[{"href":"https:\/\/mba.mu\/fr\/wp-json\/wp\/v2\/types\/post"}],"author":[{"embeddable":true,"href":"https:\/\/mba.mu\/fr\/wp-json\/wp\/v2\/users\/1"}],"replies":[{"embeddable":true,"href":"https:\/\/mba.mu\/fr\/wp-json\/wp\/v2\/comments?post=5768"}],"version-history":[{"count":12,"href":"https:\/\/mba.mu\/fr\/wp-json\/wp\/v2\/posts\/5768\/revisions"}],"predecessor-version":[{"id":5845,"href":"https:\/\/mba.mu\/fr\/wp-json\/wp\/v2\/posts\/5768\/revisions\/5845"}],"wp:featuredmedia":[{"embeddable":true,"href":"https:\/\/mba.mu\/fr\/wp-json\/wp\/v2\/media\/5842"}],"wp:attachment":[{"href":"https:\/\/mba.mu\/fr\/wp-json\/wp\/v2\/media?parent=5768"}],"wp:term":[{"taxonomy":"category","embeddable":true,"href":"https:\/\/mba.mu\/fr\/wp-json\/wp\/v2\/categories?post=5768"},{"taxonomy":"post_tag","embeddable":true,"href":"https:\/\/mba.mu\/fr\/wp-json\/wp\/v2\/tags?post=5768"}],"curies":[{"name":"wp","href":"https:\/\/api.w.org\/{rel}","templated":true}]}}