{"id":5342,"date":"2020-08-19T07:52:03","date_gmt":"2020-08-19T07:52:03","guid":{"rendered":"https:\/\/mbademo.artover.fr\/?p=5342"},"modified":"2021-06-29T19:38:12","modified_gmt":"2021-06-29T19:38:12","slug":"mba-annual-general-meeting-mr-alain-law-min-reappointed-as-chairman","status":"publish","type":"post","link":"https:\/\/mba.mu\/fr\/mba-annual-general-meeting-mr-alain-law-min-reappointed-as-chairman\/","title":{"rendered":"MBA Annual General Meeting: Mr. Alain Law Min reappointed as Chairman"},"content":{"rendered":"\t\t<div data-elementor-type=\"wp-post\" data-elementor-id=\"5342\" class=\"elementor elementor-5342\" data-elementor-post-type=\"post\">\n\t\t\t\t        <section class=\"elementor-section elementor-top-section elementor-element elementor-element-18513544 elementor-section-boxed elementor-section-height-default elementor-section-height-default ct-header-fixed-none ct-row-max-none\" data-id=\"18513544\" data-element_type=\"section\" data-e-type=\"section\">\n            \n                        <div class=\"elementor-container elementor-column-gap-default \">\n                    <div class=\"elementor-column elementor-col-100 elementor-top-column elementor-element elementor-element-62599a35\" data-id=\"62599a35\" data-element_type=\"column\" data-e-type=\"column\">\n        <div class=\"elementor-widget-wrap elementor-element-populated\">\n                    \n        \t\t<div class=\"elementor-element elementor-element-1577091a elementor-widget elementor-widget-text-editor\" data-id=\"1577091a\" data-element_type=\"widget\" data-e-type=\"widget\" data-widget_type=\"text-editor.default\">\n\t\t\t\t<div class=\"elementor-widget-container\">\n\t\t\t\t\t\t\t\t\t<p>The Mauritius Bankers Association (MBA) held its Annual General Meeting on Monday 17 August 2020. Mr. Alain Law Min, Chief Executive Officer (CEO) of The Mauritius Commercial Bank (MCB) Ltd, was reappointed as Chairman for another year mandate.<\/p><p>Also elected were the two Deputy Chairmen, Mr. Mark Watkinson, CEO of Bank One Limited, and Mr. Chris Murray, CEO of HSBC Mauritius. Messrs Watkinson &amp; Murrayare taking over from Mr. Ravneet Chowdhury, ex-CEO of Bank One and Mr. Mathieu Mandeng, CEO of Standard Chartered Bank (Mauritius) Limited.<\/p><p>Mr. Alain Law Min, Chairman of the MBA, stated being honoured by the trust placed in him by his peers through his re-election as Chairman of the association. \u201cDuring this coming year, I will ensure that the MBA continues the good work already started in the execution of its vision and strategic objectives towards building a solid foundation for an innovative, competitive and trustworthy banking environment, amidst a particularly challenging context.I will ensure that the various players in our industry work in close collaboration and synergy with our regulator and all other stakeholders for the benefit of our sector and our country at large,\u201d he said.<\/p><p>Mr. Mark Watkinson, CEO of Bank One,stated being delighted to have been appointed as Deputy Chairman of the MBA. \u201cI look forward to contributing fully to the advancement of the Mauritian banking sector, particularly in the current economic climate, and to working closely with the Bank of Mauritius and all stakeholders in the sector,\u201d he said.<\/p><p>Mr. Chris Murray, CEO of HSBC Mauritius,said:\u201cI am delighted to be elected Deputy Chairman of the MBA and look forward to continue contributing to the advancement of the MBA.\u201d<\/p>\t\t\t\t\t\t\t\t<\/div>\n\t\t\t\t<\/div>\n\t\t\t\t<div class=\"elementor-element elementor-element-b0545e3 elementor-widget elementor-widget-ct_download\" data-id=\"b0545e3\" data-element_type=\"widget\" data-e-type=\"widget\" data-widget_type=\"ct_download.default\">\n\t\t\t\t<div class=\"elementor-widget-container\">\n\t\t\t\t\t    <div class=\"ct-download\">\r\n                    <div class=\"item--download\">\r\n                <a href=\"https:\/\/mba.mu\/wp-content\/uploads\/2021\/02\/communique-AGM-august-2020.pdf\" target=\"_blank\">\r\n            \t<i aria-hidden=\"true\" class=\"material zmdi zmdi-cloud-download\"><\/i>                                <span>Download PDF<\/span>\r\n            \t<\/a>\r\n           <\/div>\r\n            <\/div>\r\n\t\t\t\t<\/div>\n\t\t\t\t<\/div>\n\t\t            <\/div>\n        <\/div>\n                    <\/div>\n        <\/section>\n        \t\t<\/div>\n\t\t","protected":false},"excerpt":{"rendered":"<p>The Mauritius Bankers Association (MBA) held its Annual General Meeting on Monday 17 August 2020. Mr. Alain Law Min, Chief Executive Officer (CEO) of The Mauritius Commercial Bank (MCB) Ltd, was reappointed as Chairman for another year mandate.<\/p>\n","protected":false},"author":1,"featured_media":4703,"comment_status":"closed","ping_status":"closed","sticky":false,"template":"","format":"standard","meta":{"_acf_changed":false,"footnotes":""},"categories":[1],"tags":[53],"class_list":["post-5342","post","type-post","status-publish","format-standard","has-post-thumbnail","hentry","category-press-releases","tag-annual-general-meeting"],"acf":[],"yoast_head":"<!-- This site is optimized with the Yoast SEO plugin v27.4 - https:\/\/yoast.com\/product\/yoast-seo-wordpress\/ -->\n<title>MBA Annual General Meeting: Mr. Alain Law Min reappointed as Chairman - Mauritius Bankers Association (MBA)<\/title>\n<meta name=\"robots\" content=\"index, follow, max-snippet:-1, max-image-preview:large, max-video-preview:-1\" \/>\n<link rel=\"canonical\" href=\"https:\/\/mba.mu\/mba-annual-general-meeting-mr-alain-law-min-reappointed-as-chairman\/\" \/>\n<meta property=\"og:locale\" content=\"fr_FR\" \/>\n<meta property=\"og:type\" content=\"article\" \/>\n<meta property=\"og:title\" content=\"MBA Annual General Meeting: Mr. Alain Law Min reappointed as Chairman - Mauritius Bankers Association (MBA)\" \/>\n<meta property=\"og:description\" content=\"The Mauritius Bankers Association (MBA) held its Annual General Meeting on Monday 17 August 2020. Mr. Alain Law Min, Chief Executive Officer (CEO) of The Mauritius Commercial Bank (MCB) Ltd, was reappointed as Chairman for another year mandate.\" \/>\n<meta property=\"og:url\" content=\"https:\/\/mba.mu\/mba-annual-general-meeting-mr-alain-law-min-reappointed-as-chairman\/\" \/>\n<meta property=\"og:site_name\" content=\"Mauritius Bankers Association (MBA)\" \/>\n<meta property=\"article:published_time\" content=\"2020-08-19T07:52:03+00:00\" \/>\n<meta property=\"article:modified_time\" content=\"2021-06-29T19:38:12+00:00\" \/>\n<meta property=\"og:image\" content=\"https:\/\/mba.mu\/wp-content\/uploads\/2019\/11\/update-blog1.jpg\" \/>\n\t<meta property=\"og:image:width\" content=\"1200\" \/>\n\t<meta property=\"og:image:height\" content=\"800\" \/>\n\t<meta property=\"og:image:type\" content=\"image\/jpeg\" \/>\n<meta name=\"author\" content=\"admin\" \/>\n<meta name=\"twitter:card\" content=\"summary_large_image\" \/>\n<meta name=\"twitter:label1\" content=\"\u00c9crit par\" \/>\n\t<meta name=\"twitter:data1\" content=\"admin\" \/>\n\t<meta name=\"twitter:label2\" content=\"Dur\u00e9e de lecture estim\u00e9e\" \/>\n\t<meta name=\"twitter:data2\" content=\"1 minute\" \/>\n<script type=\"application\/ld+json\" class=\"yoast-schema-graph\">{\"@context\":\"https:\\\/\\\/schema.org\",\"@graph\":[{\"@type\":\"Article\",\"@id\":\"https:\\\/\\\/mba.mu\\\/mba-annual-general-meeting-mr-alain-law-min-reappointed-as-chairman\\\/#article\",\"isPartOf\":{\"@id\":\"https:\\\/\\\/mba.mu\\\/mba-annual-general-meeting-mr-alain-law-min-reappointed-as-chairman\\\/\"},\"author\":{\"name\":\"admin\",\"@id\":\"https:\\\/\\\/mba.mu\\\/#\\\/schema\\\/person\\\/93f22aaa0f62f7b796ee68a14f68d72b\"},\"headline\":\"MBA Annual General Meeting: Mr. Alain Law Min reappointed as Chairman\",\"datePublished\":\"2020-08-19T07:52:03+00:00\",\"dateModified\":\"2021-06-29T19:38:12+00:00\",\"mainEntityOfPage\":{\"@id\":\"https:\\\/\\\/mba.mu\\\/mba-annual-general-meeting-mr-alain-law-min-reappointed-as-chairman\\\/\"},\"wordCount\":292,\"image\":{\"@id\":\"https:\\\/\\\/mba.mu\\\/mba-annual-general-meeting-mr-alain-law-min-reappointed-as-chairman\\\/#primaryimage\"},\"thumbnailUrl\":\"https:\\\/\\\/mba.mu\\\/wp-content\\\/uploads\\\/2019\\\/11\\\/update-blog1.jpg\",\"keywords\":[\"Annual General Meeting\"],\"articleSection\":[\"Press Releases\"],\"inLanguage\":\"fr-FR\"},{\"@type\":\"WebPage\",\"@id\":\"https:\\\/\\\/mba.mu\\\/mba-annual-general-meeting-mr-alain-law-min-reappointed-as-chairman\\\/\",\"url\":\"https:\\\/\\\/mba.mu\\\/mba-annual-general-meeting-mr-alain-law-min-reappointed-as-chairman\\\/\",\"name\":\"MBA Annual General Meeting: Mr. Alain Law Min reappointed as Chairman - Mauritius Bankers Association (MBA)\",\"isPartOf\":{\"@id\":\"https:\\\/\\\/mba.mu\\\/#website\"},\"primaryImageOfPage\":{\"@id\":\"https:\\\/\\\/mba.mu\\\/mba-annual-general-meeting-mr-alain-law-min-reappointed-as-chairman\\\/#primaryimage\"},\"image\":{\"@id\":\"https:\\\/\\\/mba.mu\\\/mba-annual-general-meeting-mr-alain-law-min-reappointed-as-chairman\\\/#primaryimage\"},\"thumbnailUrl\":\"https:\\\/\\\/mba.mu\\\/wp-content\\\/uploads\\\/2019\\\/11\\\/update-blog1.jpg\",\"datePublished\":\"2020-08-19T07:52:03+00:00\",\"dateModified\":\"2021-06-29T19:38:12+00:00\",\"author\":{\"@id\":\"https:\\\/\\\/mba.mu\\\/#\\\/schema\\\/person\\\/93f22aaa0f62f7b796ee68a14f68d72b\"},\"breadcrumb\":{\"@id\":\"https:\\\/\\\/mba.mu\\\/mba-annual-general-meeting-mr-alain-law-min-reappointed-as-chairman\\\/#breadcrumb\"},\"inLanguage\":\"fr-FR\",\"potentialAction\":[{\"@type\":\"ReadAction\",\"target\":[\"https:\\\/\\\/mba.mu\\\/mba-annual-general-meeting-mr-alain-law-min-reappointed-as-chairman\\\/\"]}]},{\"@type\":\"ImageObject\",\"inLanguage\":\"fr-FR\",\"@id\":\"https:\\\/\\\/mba.mu\\\/mba-annual-general-meeting-mr-alain-law-min-reappointed-as-chairman\\\/#primaryimage\",\"url\":\"https:\\\/\\\/mba.mu\\\/wp-content\\\/uploads\\\/2019\\\/11\\\/update-blog1.jpg\",\"contentUrl\":\"https:\\\/\\\/mba.mu\\\/wp-content\\\/uploads\\\/2019\\\/11\\\/update-blog1.jpg\",\"width\":1200,\"height\":800},{\"@type\":\"BreadcrumbList\",\"@id\":\"https:\\\/\\\/mba.mu\\\/mba-annual-general-meeting-mr-alain-law-min-reappointed-as-chairman\\\/#breadcrumb\",\"itemListElement\":[{\"@type\":\"ListItem\",\"position\":1,\"name\":\"Home\",\"item\":\"https:\\\/\\\/mba.mu\\\/fr\\\/\"},{\"@type\":\"ListItem\",\"position\":2,\"name\":\"MBA Annual General Meeting: Mr. Alain Law Min reappointed as Chairman\"}]},{\"@type\":\"WebSite\",\"@id\":\"https:\\\/\\\/mba.mu\\\/#website\",\"url\":\"https:\\\/\\\/mba.mu\\\/\",\"name\":\"Mauritius Bankers Association (MBA)\",\"description\":\"\",\"potentialAction\":[{\"@type\":\"SearchAction\",\"target\":{\"@type\":\"EntryPoint\",\"urlTemplate\":\"https:\\\/\\\/mba.mu\\\/?s={search_term_string}\"},\"query-input\":{\"@type\":\"PropertyValueSpecification\",\"valueRequired\":true,\"valueName\":\"search_term_string\"}}],\"inLanguage\":\"fr-FR\"},{\"@type\":\"Person\",\"@id\":\"https:\\\/\\\/mba.mu\\\/#\\\/schema\\\/person\\\/93f22aaa0f62f7b796ee68a14f68d72b\",\"name\":\"admin\",\"image\":{\"@type\":\"ImageObject\",\"inLanguage\":\"fr-FR\",\"@id\":\"https:\\\/\\\/secure.gravatar.com\\\/avatar\\\/6c408b6dd4834f7a3e388312881bfc08c0214abb5c7e71af3e36a84e2179ffce?s=96&d=mm&r=g\",\"url\":\"https:\\\/\\\/secure.gravatar.com\\\/avatar\\\/6c408b6dd4834f7a3e388312881bfc08c0214abb5c7e71af3e36a84e2179ffce?s=96&d=mm&r=g\",\"contentUrl\":\"https:\\\/\\\/secure.gravatar.com\\\/avatar\\\/6c408b6dd4834f7a3e388312881bfc08c0214abb5c7e71af3e36a84e2179ffce?s=96&d=mm&r=g\",\"caption\":\"admin\"},\"sameAs\":[\"https:\\\/\\\/mba.mu\"],\"url\":\"https:\\\/\\\/mba.mu\\\/fr\\\/author\\\/info_749s4hrd\\\/\"}]}<\/script>\n<!-- \/ Yoast SEO plugin. -->","yoast_head_json":{"title":"MBA Annual General Meeting: Mr. Alain Law Min reappointed as Chairman - Mauritius Bankers Association (MBA)","robots":{"index":"index","follow":"follow","max-snippet":"max-snippet:-1","max-image-preview":"max-image-preview:large","max-video-preview":"max-video-preview:-1"},"canonical":"https:\/\/mba.mu\/mba-annual-general-meeting-mr-alain-law-min-reappointed-as-chairman\/","og_locale":"fr_FR","og_type":"article","og_title":"MBA Annual General Meeting: Mr. Alain Law Min reappointed as Chairman - Mauritius Bankers Association (MBA)","og_description":"The Mauritius Bankers Association (MBA) held its Annual General Meeting on Monday 17 August 2020. Mr. Alain Law Min, Chief Executive Officer (CEO) of The Mauritius Commercial Bank (MCB) Ltd, was reappointed as Chairman for another year mandate.","og_url":"https:\/\/mba.mu\/mba-annual-general-meeting-mr-alain-law-min-reappointed-as-chairman\/","og_site_name":"Mauritius Bankers Association (MBA)","article_published_time":"2020-08-19T07:52:03+00:00","article_modified_time":"2021-06-29T19:38:12+00:00","og_image":[{"width":1200,"height":800,"url":"https:\/\/mba.mu\/wp-content\/uploads\/2019\/11\/update-blog1.jpg","type":"image\/jpeg"}],"author":"admin","twitter_card":"summary_large_image","twitter_misc":{"\u00c9crit par":"admin","Dur\u00e9e de lecture estim\u00e9e":"1 minute"},"schema":{"@context":"https:\/\/schema.org","@graph":[{"@type":"Article","@id":"https:\/\/mba.mu\/mba-annual-general-meeting-mr-alain-law-min-reappointed-as-chairman\/#article","isPartOf":{"@id":"https:\/\/mba.mu\/mba-annual-general-meeting-mr-alain-law-min-reappointed-as-chairman\/"},"author":{"name":"admin","@id":"https:\/\/mba.mu\/#\/schema\/person\/93f22aaa0f62f7b796ee68a14f68d72b"},"headline":"MBA Annual General Meeting: Mr. Alain Law Min reappointed as Chairman","datePublished":"2020-08-19T07:52:03+00:00","dateModified":"2021-06-29T19:38:12+00:00","mainEntityOfPage":{"@id":"https:\/\/mba.mu\/mba-annual-general-meeting-mr-alain-law-min-reappointed-as-chairman\/"},"wordCount":292,"image":{"@id":"https:\/\/mba.mu\/mba-annual-general-meeting-mr-alain-law-min-reappointed-as-chairman\/#primaryimage"},"thumbnailUrl":"https:\/\/mba.mu\/wp-content\/uploads\/2019\/11\/update-blog1.jpg","keywords":["Annual General Meeting"],"articleSection":["Press Releases"],"inLanguage":"fr-FR"},{"@type":"WebPage","@id":"https:\/\/mba.mu\/mba-annual-general-meeting-mr-alain-law-min-reappointed-as-chairman\/","url":"https:\/\/mba.mu\/mba-annual-general-meeting-mr-alain-law-min-reappointed-as-chairman\/","name":"MBA Annual General Meeting: Mr. Alain Law Min reappointed as Chairman - Mauritius Bankers Association (MBA)","isPartOf":{"@id":"https:\/\/mba.mu\/#website"},"primaryImageOfPage":{"@id":"https:\/\/mba.mu\/mba-annual-general-meeting-mr-alain-law-min-reappointed-as-chairman\/#primaryimage"},"image":{"@id":"https:\/\/mba.mu\/mba-annual-general-meeting-mr-alain-law-min-reappointed-as-chairman\/#primaryimage"},"thumbnailUrl":"https:\/\/mba.mu\/wp-content\/uploads\/2019\/11\/update-blog1.jpg","datePublished":"2020-08-19T07:52:03+00:00","dateModified":"2021-06-29T19:38:12+00:00","author":{"@id":"https:\/\/mba.mu\/#\/schema\/person\/93f22aaa0f62f7b796ee68a14f68d72b"},"breadcrumb":{"@id":"https:\/\/mba.mu\/mba-annual-general-meeting-mr-alain-law-min-reappointed-as-chairman\/#breadcrumb"},"inLanguage":"fr-FR","potentialAction":[{"@type":"ReadAction","target":["https:\/\/mba.mu\/mba-annual-general-meeting-mr-alain-law-min-reappointed-as-chairman\/"]}]},{"@type":"ImageObject","inLanguage":"fr-FR","@id":"https:\/\/mba.mu\/mba-annual-general-meeting-mr-alain-law-min-reappointed-as-chairman\/#primaryimage","url":"https:\/\/mba.mu\/wp-content\/uploads\/2019\/11\/update-blog1.jpg","contentUrl":"https:\/\/mba.mu\/wp-content\/uploads\/2019\/11\/update-blog1.jpg","width":1200,"height":800},{"@type":"BreadcrumbList","@id":"https:\/\/mba.mu\/mba-annual-general-meeting-mr-alain-law-min-reappointed-as-chairman\/#breadcrumb","itemListElement":[{"@type":"ListItem","position":1,"name":"Home","item":"https:\/\/mba.mu\/fr\/"},{"@type":"ListItem","position":2,"name":"MBA Annual General Meeting: Mr. Alain Law Min reappointed as Chairman"}]},{"@type":"WebSite","@id":"https:\/\/mba.mu\/#website","url":"https:\/\/mba.mu\/","name":"Mauritius Bankers Association (MBA)","description":"","potentialAction":[{"@type":"SearchAction","target":{"@type":"EntryPoint","urlTemplate":"https:\/\/mba.mu\/?s={search_term_string}"},"query-input":{"@type":"PropertyValueSpecification","valueRequired":true,"valueName":"search_term_string"}}],"inLanguage":"fr-FR"},{"@type":"Person","@id":"https:\/\/mba.mu\/#\/schema\/person\/93f22aaa0f62f7b796ee68a14f68d72b","name":"admin","image":{"@type":"ImageObject","inLanguage":"fr-FR","@id":"https:\/\/secure.gravatar.com\/avatar\/6c408b6dd4834f7a3e388312881bfc08c0214abb5c7e71af3e36a84e2179ffce?s=96&d=mm&r=g","url":"https:\/\/secure.gravatar.com\/avatar\/6c408b6dd4834f7a3e388312881bfc08c0214abb5c7e71af3e36a84e2179ffce?s=96&d=mm&r=g","contentUrl":"https:\/\/secure.gravatar.com\/avatar\/6c408b6dd4834f7a3e388312881bfc08c0214abb5c7e71af3e36a84e2179ffce?s=96&d=mm&r=g","caption":"admin"},"sameAs":["https:\/\/mba.mu"],"url":"https:\/\/mba.mu\/fr\/author\/info_749s4hrd\/"}]}},"_links":{"self":[{"href":"https:\/\/mba.mu\/fr\/wp-json\/wp\/v2\/posts\/5342","targetHints":{"allow":["GET"]}}],"collection":[{"href":"https:\/\/mba.mu\/fr\/wp-json\/wp\/v2\/posts"}],"about":[{"href":"https:\/\/mba.mu\/fr\/wp-json\/wp\/v2\/types\/post"}],"author":[{"embeddable":true,"href":"https:\/\/mba.mu\/fr\/wp-json\/wp\/v2\/users\/1"}],"replies":[{"embeddable":true,"href":"https:\/\/mba.mu\/fr\/wp-json\/wp\/v2\/comments?post=5342"}],"version-history":[{"count":11,"href":"https:\/\/mba.mu\/fr\/wp-json\/wp\/v2\/posts\/5342\/revisions"}],"predecessor-version":[{"id":8293,"href":"https:\/\/mba.mu\/fr\/wp-json\/wp\/v2\/posts\/5342\/revisions\/8293"}],"wp:featuredmedia":[{"embeddable":true,"href":"https:\/\/mba.mu\/fr\/wp-json\/wp\/v2\/media\/4703"}],"wp:attachment":[{"href":"https:\/\/mba.mu\/fr\/wp-json\/wp\/v2\/media?parent=5342"}],"wp:term":[{"taxonomy":"category","embeddable":true,"href":"https:\/\/mba.mu\/fr\/wp-json\/wp\/v2\/categories?post=5342"},{"taxonomy":"post_tag","embeddable":true,"href":"https:\/\/mba.mu\/fr\/wp-json\/wp\/v2\/tags?post=5342"}],"curies":[{"name":"wp","href":"https:\/\/api.w.org\/{rel}","templated":true}]}}